{"id":388,"date":"2025-06-09T09:58:49","date_gmt":"2025-06-09T09:58:49","guid":{"rendered":"https:\/\/ib-dechert.de\/?p=388"},"modified":"2025-09-12T08:46:55","modified_gmt":"2025-09-12T08:46:55","slug":"abfall-lithiumbatterien-werden-gefaehrlicher-abfall","status":"publish","type":"post","link":"https:\/\/ib-dechert.de\/?p=388","title":{"rendered":"Abfall-Lithiumbatterien werden gef\u00e4hrlicher Abfall (Lithium-Altbatterien 16 06 07*) &#8211; das Inkrafttreten wurde um einen Monat nach hinten verschoben &#8211; neues Datum ist der 9. Dezember 2026"},"content":{"rendered":"\n<p><\/p>\n\n\n\n<p>Die Europ\u00e4ische Kommission hat die Aktualisierung des EU-Abfallverzeichnisses f\u00fcr batteriebezogene Abf\u00e4lle am 20. Mai im Amtsblatt der EU ver\u00f6ffentlicht. Die \u00c4nderung tritt am 9. Juni 2025 in Kraft.<\/p>\n\n\n\n<p><a rel=\"noreferrer noopener\" href=\"https:\/\/eur-lex.europa.eu\/legal-content\/DE\/TXT\/?uri=OJ:L_202500934\" target=\"_blank\"><strong>Link zur EU 2025\/934<\/strong><\/a><\/p>\n\n\n\n<p>Zu den bisher bestehenden Eintr\u00e4gen des Abfallverzeichnisses kommt eine Vielzahl neuer Schl\u00fcsselnummern hinzu, etwa f\u00fcr lithium-, natrium-, zink- oder alkalibasierte Altbatterien. Diese werden \u2013 mit wenigen Ausnahmen \u2013 k\u00fcnftig als gef\u00e4hrlich (mit *) eingestuft.<\/p>\n\n\n\n<p>Auch in den Kapiteln 9 (betrifft Einwegkameras), 10 (betrifft Schlacken), 19 (betrifft Abfallbehandlung, z.B. die sogenannte Schwarzmasse) und 20 (betrifft Siedlungsabf\u00e4lle) des Abfallverzeichnisses werden \u00c4nderungen und Erg\u00e4nzungen vorgenommen.<\/p>\n\n\n\n<p>Die neuen und erg\u00e4nzten Abfallcodes gelten ab dem <strong>9. November 2026<\/strong> \u2013 mit besonderer Relevanz auch f\u00fcr grenz\u00fcberschreitende Transporte.<\/p>\n\n\n\n<p>Achtung: Mit der\u00a0<strong><a href=\"https:\/\/eur-lex.europa.eu\/eli\/dec_del\/2025\/934\/corrigendum\/2025-08-19\/oj\/eng\" target=\"_blank\" rel=\"noreferrer noopener\">Berichtigung im Amtsblatt der EU (ABl. L, 2025\/90657 vom 19. August 2025)<\/a><\/strong>\u00a0wurde das Inkrafttreten jedoch auf den\u00a0<strong>9. Dezember 2026<\/strong>\u00a0verschoben.<\/p>\n","protected":false},"excerpt":{"rendered":"<p>Die Europ\u00e4ische Kommission hat die Aktualisierung des EU-Abfallverzeichnisses f\u00fcr batteriebezogene Abf\u00e4lle am 20. Mai im Amtsblatt der EU ver\u00f6ffentlicht. Die \u00c4nderung tritt am 9. Juni 2025 in Kraft. Link zur EU 2025\/934 Zu den bisher bestehenden Eintr\u00e4gen des Abfallverzeichnisses kommt eine Vielzahl neuer Schl\u00fcsselnummern hinzu, etwa f\u00fcr lithium-, natrium-, zink- oder alkalibasierte Altbatterien. Diese werden [&hellip;]<\/p>\n","protected":false},"author":1,"featured_media":0,"comment_status":"open","ping_status":"open","sticky":false,"template":"","format":"standard","meta":[],"categories":[1],"tags":[],"_links":{"self":[{"href":"https:\/\/ib-dechert.de\/index.php?rest_route=\/wp\/v2\/posts\/388"}],"collection":[{"href":"https:\/\/ib-dechert.de\/index.php?rest_route=\/wp\/v2\/posts"}],"about":[{"href":"https:\/\/ib-dechert.de\/index.php?rest_route=\/wp\/v2\/types\/post"}],"author":[{"embeddable":true,"href":"https:\/\/ib-dechert.de\/index.php?rest_route=\/wp\/v2\/users\/1"}],"replies":[{"embeddable":true,"href":"https:\/\/ib-dechert.de\/index.php?rest_route=%2Fwp%2Fv2%2Fcomments&post=388"}],"version-history":[{"count":6,"href":"https:\/\/ib-dechert.de\/index.php?rest_route=\/wp\/v2\/posts\/388\/revisions"}],"predecessor-version":[{"id":396,"href":"https:\/\/ib-dechert.de\/index.php?rest_route=\/wp\/v2\/posts\/388\/revisions\/396"}],"wp:attachment":[{"href":"https:\/\/ib-dechert.de\/index.php?rest_route=%2Fwp%2Fv2%2Fmedia&parent=388"}],"wp:term":[{"taxonomy":"category","embeddable":true,"href":"https:\/\/ib-dechert.de\/index.php?rest_route=%2Fwp%2Fv2%2Fcategories&post=388"},{"taxonomy":"post_tag","embeddable":true,"href":"https:\/\/ib-dechert.de\/index.php?rest_route=%2Fwp%2Fv2%2Ftags&post=388"}],"curies":[{"name":"wp","href":"https:\/\/api.w.org\/{rel}","templated":true}]}}