{"id":320,"date":"2023-06-15T10:15:25","date_gmt":"2023-06-15T10:15:25","guid":{"rendered":"https:\/\/ib-dechert.de\/?p=320"},"modified":"2023-06-15T10:32:30","modified_gmt":"2023-06-15T10:32:30","slug":"beleuchtung-und-sichtverbindung-asr-a3-4-aktualisiert","status":"publish","type":"post","link":"https:\/\/ib-dechert.de\/?p=320","title":{"rendered":"Beleuchtung und Sichtverbindung &#8211; ASR A3.4 aktualisiert"},"content":{"rendered":"\n<p>Arbeitsst\u00e4tten m\u00fcssen neben einer angemessenen Beleuchtung auch \u00fcber eine Sichtverbindung nach au\u00dfen verf\u00fcgen. Die alte ASR von 2011 wurde nun um die Sichtverbindung nach au\u00dfen erweitert und mit weiteren redaktionellen \u00c4nderungen in der Fassung vom 5. Mai 2023 durch das BMAS in Kraft gesetzt.<\/p>\n\n\n\n<p>Der nachstehende Link f\u00fchrt zu einer \u201aGelbtext-Fassung\u2018 in der die \u00c4nderungen gelb hinterlegt aufgezeigt werden: <a href=\"https:\/\/www.baua.de\/DE\/Angebote\/Rechtstexte-und-Technische-Regeln\/Regelwerk\/ASR\/pdf\/ASR-A3-4-Aenderungen.pdf?__blob=publicationFile&amp;v=2\" target=\"_blank\" rel=\"noreferrer noopener\">\u201eASR A3.4 Beleuchtung und Sichtverbindung &#8211; Gelbtext-Fassung\u201c<\/a><\/p>\n","protected":false},"excerpt":{"rendered":"<p>Arbeitsst\u00e4tten m\u00fcssen neben einer angemessenen Beleuchtung auch \u00fcber eine Sichtverbindung nach au\u00dfen verf\u00fcgen. Die alte ASR von 2011 wurde nun um die Sichtverbindung nach au\u00dfen erweitert und mit weiteren redaktionellen \u00c4nderungen in der Fassung vom 5. Mai 2023 durch das BMAS in Kraft gesetzt. Der nachstehende Link f\u00fchrt zu einer \u201aGelbtext-Fassung\u2018 in der die \u00c4nderungen [&hellip;]<\/p>\n","protected":false},"author":1,"featured_media":0,"comment_status":"open","ping_status":"open","sticky":false,"template":"","format":"standard","meta":[],"categories":[1],"tags":[],"_links":{"self":[{"href":"https:\/\/ib-dechert.de\/index.php?rest_route=\/wp\/v2\/posts\/320"}],"collection":[{"href":"https:\/\/ib-dechert.de\/index.php?rest_route=\/wp\/v2\/posts"}],"about":[{"href":"https:\/\/ib-dechert.de\/index.php?rest_route=\/wp\/v2\/types\/post"}],"author":[{"embeddable":true,"href":"https:\/\/ib-dechert.de\/index.php?rest_route=\/wp\/v2\/users\/1"}],"replies":[{"embeddable":true,"href":"https:\/\/ib-dechert.de\/index.php?rest_route=%2Fwp%2Fv2%2Fcomments&post=320"}],"version-history":[{"count":4,"href":"https:\/\/ib-dechert.de\/index.php?rest_route=\/wp\/v2\/posts\/320\/revisions"}],"predecessor-version":[{"id":325,"href":"https:\/\/ib-dechert.de\/index.php?rest_route=\/wp\/v2\/posts\/320\/revisions\/325"}],"wp:attachment":[{"href":"https:\/\/ib-dechert.de\/index.php?rest_route=%2Fwp%2Fv2%2Fmedia&parent=320"}],"wp:term":[{"taxonomy":"category","embeddable":true,"href":"https:\/\/ib-dechert.de\/index.php?rest_route=%2Fwp%2Fv2%2Fcategories&post=320"},{"taxonomy":"post_tag","embeddable":true,"href":"https:\/\/ib-dechert.de\/index.php?rest_route=%2Fwp%2Fv2%2Ftags&post=320"}],"curies":[{"name":"wp","href":"https:\/\/api.w.org\/{rel}","templated":true}]}}