{"id":275,"date":"2021-09-11T08:37:52","date_gmt":"2021-09-11T08:37:52","guid":{"rendered":"https:\/\/ib-dechert.de\/?p=275"},"modified":"2021-09-11T08:37:52","modified_gmt":"2021-09-11T08:37:52","slug":"die-corona-arbeitsschutzverordnung-wird-verlaengert-und-ergaenzt","status":"publish","type":"post","link":"https:\/\/ib-dechert.de\/?p=275","title":{"rendered":"Die Corona-Arbeitsschutzverordnung wird verl\u00e4ngert und erg\u00e4nzt"},"content":{"rendered":"\n<p>Dier erste \u00c4nderungsVO der SARS-CoV-2-Arbeitsschutzverordnung ist am &nbsp;10. September 2021 in Kraft getreten.<\/p>\n\n\n\n<p><a href=\"https:\/\/www.bundesanzeiger.de\/pub\/publication\/dfEbdxYWIRMmmt7bn5z\/content\/dfEbdxYWIRMmmt7bn5z\/BAnz%20AT%2009.09.2021%20V1.pdf?inline\" data-type=\"URL\" data-id=\"https:\/\/www.bundesanzeiger.de\/pub\/publication\/dfEbdxYWIRMmmt7bn5z\/content\/dfEbdxYWIRMmmt7bn5z\/BAnz%20AT%2009.09.2021%20V1.pdf?inline\" target=\"_blank\" rel=\"noreferrer noopener\">Hier der Link zur Verordnung.<\/a><\/p>\n\n\n\n<p>Wesentliche \u00c4nderungen sind:<\/p>\n\n\n\n<p># Besch\u00e4ftigte sind zur Wahrnehmung von Impfterminen freizustellen.<\/p>\n\n\n\n<p>\u00a0# Arbeitgeber sind verpflichtet, Besch\u00e4ftigte hinsichtlich der Risiken einer COVID-19-Erkrankung zu informieren.<\/p>\n\n\n\n<p>&nbsp;# Betriebs\u00e4rzte sind bei der Bereitstellung von betrieblichen Impfangeboten zu unterst\u00fctzen<\/p>\n\n\n\n<p>Eine Abfrage des Impfstatus durch den Arbeitgeber ist nach wie vor nicht erlaubt &#8211; allerdings kann der Arbeitgeber einen ihm bereits bekannten Impfstatus seiner Mitarbeiter bei der Umsetzung der Infektionsschutzma\u00dfnahmen im Betrieb ber\u00fccksichtigen.<\/p>\n\n\n\n<p>Die Corona-Arbeitsschutzverordnung ist an die festgestellte epidemischen Lage gekoppelt und ist daher zun\u00e4chst bis zum 24.11.2021 befristet.<\/p>\n","protected":false},"excerpt":{"rendered":"<p>Dier erste \u00c4nderungsVO der SARS-CoV-2-Arbeitsschutzverordnung ist am &nbsp;10. September 2021 in Kraft getreten. Hier der Link zur Verordnung. Wesentliche \u00c4nderungen sind: # Besch\u00e4ftigte sind zur Wahrnehmung von Impfterminen freizustellen. \u00a0# Arbeitgeber sind verpflichtet, Besch\u00e4ftigte hinsichtlich der Risiken einer COVID-19-Erkrankung zu informieren. &nbsp;# Betriebs\u00e4rzte sind bei der Bereitstellung von betrieblichen Impfangeboten zu unterst\u00fctzen Eine Abfrage des [&hellip;]<\/p>\n","protected":false},"author":1,"featured_media":0,"comment_status":"open","ping_status":"open","sticky":false,"template":"","format":"standard","meta":[],"categories":[1],"tags":[],"_links":{"self":[{"href":"https:\/\/ib-dechert.de\/index.php?rest_route=\/wp\/v2\/posts\/275"}],"collection":[{"href":"https:\/\/ib-dechert.de\/index.php?rest_route=\/wp\/v2\/posts"}],"about":[{"href":"https:\/\/ib-dechert.de\/index.php?rest_route=\/wp\/v2\/types\/post"}],"author":[{"embeddable":true,"href":"https:\/\/ib-dechert.de\/index.php?rest_route=\/wp\/v2\/users\/1"}],"replies":[{"embeddable":true,"href":"https:\/\/ib-dechert.de\/index.php?rest_route=%2Fwp%2Fv2%2Fcomments&post=275"}],"version-history":[{"count":1,"href":"https:\/\/ib-dechert.de\/index.php?rest_route=\/wp\/v2\/posts\/275\/revisions"}],"predecessor-version":[{"id":276,"href":"https:\/\/ib-dechert.de\/index.php?rest_route=\/wp\/v2\/posts\/275\/revisions\/276"}],"wp:attachment":[{"href":"https:\/\/ib-dechert.de\/index.php?rest_route=%2Fwp%2Fv2%2Fmedia&parent=275"}],"wp:term":[{"taxonomy":"category","embeddable":true,"href":"https:\/\/ib-dechert.de\/index.php?rest_route=%2Fwp%2Fv2%2Fcategories&post=275"},{"taxonomy":"post_tag","embeddable":true,"href":"https:\/\/ib-dechert.de\/index.php?rest_route=%2Fwp%2Fv2%2Ftags&post=275"}],"curies":[{"name":"wp","href":"https:\/\/api.w.org\/{rel}","templated":true}]}}