{"id":176,"date":"2019-05-15T07:04:02","date_gmt":"2019-05-15T07:04:02","guid":{"rendered":"http:\/\/ib-dechert.de\/?p=176"},"modified":"2019-05-15T07:04:02","modified_gmt":"2019-05-15T07:04:02","slug":"12-atp-der-clp-verordnung","status":"publish","type":"post","link":"https:\/\/ib-dechert.de\/?p=176","title":{"rendered":"12. ATP der CLP Verordnung"},"content":{"rendered":"\n<p>Die Europ\u00e4ische Kommission hat die \u2013 bislang  noch fehlende \u2013 12. Anpassung an den technischen und  wissenschaftlichen Fortschritt (12. ATP) der Verordnung (EG)  Nr. 1272\/2008 \u00fcber die Einstufung, Kennzeichnung und Verpackung von  Stoffen und Gemischen (CLP) bekannt gemacht. Dies erfolgte mit der  Verordnung (EU) 2019\/521 vom 27. M\u00e4rz 2019 (Link: <a rel=\"noreferrer noopener\" href=\"https:\/\/eur-lex.europa.eu\/legal-content\/DE\/TXT\/PDF\/?uri=CELEX:32019R0521&amp;from=DE\" target=\"_blank\">ABl.\u00a02019 L\u00a086 S.\u00a01<\/a>), die am 17. April 2019 in Kraft trat.<br><br>Damit wurden ge\u00e4nderte Einstufungskriterien und  Kennzeichnungsvorschriften aus der 6. und 7. \u00fcberarbeiteten Fassung des GHS in die Anh. I bis VI CLP \u00fcbernommen.  Hierdurch gibt es u.a. folgende \u00c4nderungen:<\/p>\n\n\n\n<ul><li>neue Gefahrenklasse \u201edesensibilisierte explosive Stoffe\/Gemische und Erzeugnisse mit Explosivstoff\u201c;<\/li><li>neue Gefahrenkategorie \u201eselbstentz\u00fcndliche (pyrophore) Gase\u201c innerhalb der Gefahrenklasse \u201eentz\u00fcndbare Gase\u201c;<\/li><li>Kriterien f\u00fcr Stoffe und Gemische, die in Ber\u00fchrung mit Wasser entz\u00fcndbare Gase entwickeln;<\/li><li>neue bzw. \u00fcberarbeitete Gefahren- und Sicherheitshinweise<\/li><\/ul>\n\n\n\n<p>Die 12.&nbsp;ATP gilt ab 17.&nbsp;Oktober 2020, jedoch d\u00fcrfen Stoffe und \nGemische schon vorher in Einklang mit der CLP-Verordnung nach diesen \nneuen Regelungen eingestuft, gekennzeichnet und verpackt werden.<\/p>\n","protected":false},"excerpt":{"rendered":"<p>Die Europ\u00e4ische Kommission hat die \u2013 bislang noch fehlende \u2013 12. Anpassung an den technischen und wissenschaftlichen Fortschritt (12. ATP) der Verordnung (EG) Nr. 1272\/2008 \u00fcber die Einstufung, Kennzeichnung und Verpackung von Stoffen und Gemischen (CLP) bekannt gemacht. Dies erfolgte mit der Verordnung (EU) 2019\/521 vom 27. M\u00e4rz 2019 (Link: ABl.\u00a02019 L\u00a086 S.\u00a01), die am [&hellip;]<\/p>\n","protected":false},"author":1,"featured_media":0,"comment_status":"open","ping_status":"open","sticky":false,"template":"","format":"standard","meta":[],"categories":[1],"tags":[],"_links":{"self":[{"href":"https:\/\/ib-dechert.de\/index.php?rest_route=\/wp\/v2\/posts\/176"}],"collection":[{"href":"https:\/\/ib-dechert.de\/index.php?rest_route=\/wp\/v2\/posts"}],"about":[{"href":"https:\/\/ib-dechert.de\/index.php?rest_route=\/wp\/v2\/types\/post"}],"author":[{"embeddable":true,"href":"https:\/\/ib-dechert.de\/index.php?rest_route=\/wp\/v2\/users\/1"}],"replies":[{"embeddable":true,"href":"https:\/\/ib-dechert.de\/index.php?rest_route=%2Fwp%2Fv2%2Fcomments&post=176"}],"version-history":[{"count":1,"href":"https:\/\/ib-dechert.de\/index.php?rest_route=\/wp\/v2\/posts\/176\/revisions"}],"predecessor-version":[{"id":177,"href":"https:\/\/ib-dechert.de\/index.php?rest_route=\/wp\/v2\/posts\/176\/revisions\/177"}],"wp:attachment":[{"href":"https:\/\/ib-dechert.de\/index.php?rest_route=%2Fwp%2Fv2%2Fmedia&parent=176"}],"wp:term":[{"taxonomy":"category","embeddable":true,"href":"https:\/\/ib-dechert.de\/index.php?rest_route=%2Fwp%2Fv2%2Fcategories&post=176"},{"taxonomy":"post_tag","embeddable":true,"href":"https:\/\/ib-dechert.de\/index.php?rest_route=%2Fwp%2Fv2%2Ftags&post=176"}],"curies":[{"name":"wp","href":"https:\/\/api.w.org\/{rel}","templated":true}]}}