{"id":106,"date":"2019-04-08T16:51:29","date_gmt":"2019-04-08T16:51:29","guid":{"rendered":"http:\/\/ib-dechert.de\/?p=106"},"modified":"2019-04-08T17:04:38","modified_gmt":"2019-04-08T17:04:38","slug":"wen-betrifft-das-gefahrguttranssportrecht","status":"publish","type":"post","link":"https:\/\/ib-dechert.de\/?p=106","title":{"rendered":"Wen betrifft das Gefahrguttransportrecht ?"},"content":{"rendered":"\n<p>Um diese Frage zu beantworten muss man den \u00a7 2 (2) des Gefahrgutbef\u00f6rderunggesetz (GGBefG) zugrunde legen:<\/p>\n\n\n\n<blockquote class=\"wp-block-quote\"><p>\u00a72 (2) Die Bef\u00f6rderung im Sinne dieses Gesetzes umfasst nicht nur den  Vorgang der Ortsver\u00e4nderung, sondern auch die \u00dcbernahme und die  Ablieferung des Gutes sowie zeitweilige Aufenthalte im Verlauf der  Bef\u00f6rderung, Vorbereitungs- und Abschlusshandlungen (Verpacken und  Auspacken der G\u00fcter, Be- und Entladen), Herstellen, Einf\u00fchren und  Inverkehrbringen von Verpackungen, Bef\u00f6rderungsmitteln und Fahrzeugen  f\u00fcr die Bef\u00f6rderung gef\u00e4hrlicher G\u00fcter, auch wenn diese Handlungen nicht  vom Bef\u00f6rderer ausgef\u00fchrt werden. Ein zeitweiliger Aufenthalt im  Verlauf der Bef\u00f6rderung liegt vor, wenn dabei gef\u00e4hrliche G\u00fcter f\u00fcr den  Wechsel der Bef\u00f6rderungsart oder des Bef\u00f6rderungsmittels (Umschlag) oder  aus sonstigen transportbedingten Gr\u00fcnden zeitweilig abgestellt werden.  Auf Verlangen sind Bef\u00f6rderungsdokumente vorzulegen, aus denen Versand-  und Empfangsort feststellbar sind. Wird die Sendung nicht nach der  Anlieferung entladen, gilt das Bereitstellen der Ladung beim Empf\u00e4nger  zur Entladung als Ende der Bef\u00f6rderung. Versandst\u00fccke, Tankcontainer,  Tanks und Kesselwagen d\u00fcrfen w\u00e4hrend des zeitweiligen Aufenthaltes nicht  ge\u00f6ffnet werden. <\/p><cite>https:\/\/www.gesetze-im-internet.de\/gefahrgutg\/__2.html<br><\/cite><\/blockquote>\n\n\n\n<p>Hier werden nun nicht nur der reine Transportvorgang genannt, sondern auch Vorbereitungs- und Abschlu\u00dfhandlungen, die sowohl beim Versender als auch beim Empf\u00e4nger durchgef\u00fchrt werden k\u00f6nnen. Ebenso fallen alle T\u00e4tigkeiten darunter, die beim Umschlag in der Logistikkette durchgef\u00fchrt werden. Demzufolge sind alle Personen, die beim Versender Gefahrg\u00fcter klassifizieren, verpacken, Gefahrzettel und Markierungen anbringen, disponieren, Tanks- oder Tankcontainer bef\u00fcllen, verladen sowie alle Personen, die beim Empf\u00e4nger Gefahrg\u00fcter empfangen, entladen oder auspacken vom Gefahrguttransportrecht betroffen. Gleiches gilt analog f\u00fcr alle beteiligten Personen beim Umschlag der Gefahrg\u00fcter.<\/p>\n\n\n\n<figure class=\"wp-block-image\"><img decoding=\"async\" loading=\"lazy\" width=\"1024\" height=\"615\" src=\"https:\/\/ib-dechert.de\/wp-content\/uploads\/2019\/04\/Bef\u00f6rderung-gef-G\u00fcter-1024x615.jpg\" alt=\"\" class=\"wp-image-108\" srcset=\"https:\/\/ib-dechert.de\/wp-content\/uploads\/2019\/04\/Bef\u00f6rderung-gef-G\u00fcter-1024x615.jpg 1024w, https:\/\/ib-dechert.de\/wp-content\/uploads\/2019\/04\/Bef\u00f6rderung-gef-G\u00fcter-300x180.jpg 300w, https:\/\/ib-dechert.de\/wp-content\/uploads\/2019\/04\/Bef\u00f6rderung-gef-G\u00fcter-768x461.jpg 768w, https:\/\/ib-dechert.de\/wp-content\/uploads\/2019\/04\/Bef\u00f6rderung-gef-G\u00fcter.jpg 1179w\" sizes=\"(max-width: 1024px) 100vw, 1024px\" \/><figcaption>T\u00e4tigkeiten innerhalb des Gefahrgutrechts in Unternehmen oder Betrieben<\/figcaption><\/figure>\n","protected":false},"excerpt":{"rendered":"<p>Um diese Frage zu beantworten muss man den \u00a7 2 (2) des Gefahrgutbef\u00f6rderunggesetz (GGBefG) zugrunde legen: \u00a72 (2) Die Bef\u00f6rderung im Sinne dieses Gesetzes umfasst nicht nur den Vorgang der Ortsver\u00e4nderung, sondern auch die \u00dcbernahme und die Ablieferung des Gutes sowie zeitweilige Aufenthalte im Verlauf der Bef\u00f6rderung, Vorbereitungs- und Abschlusshandlungen (Verpacken und Auspacken der G\u00fcter, [&hellip;]<\/p>\n","protected":false},"author":1,"featured_media":0,"comment_status":"open","ping_status":"open","sticky":false,"template":"","format":"standard","meta":[],"categories":[1],"tags":[],"_links":{"self":[{"href":"https:\/\/ib-dechert.de\/index.php?rest_route=\/wp\/v2\/posts\/106"}],"collection":[{"href":"https:\/\/ib-dechert.de\/index.php?rest_route=\/wp\/v2\/posts"}],"about":[{"href":"https:\/\/ib-dechert.de\/index.php?rest_route=\/wp\/v2\/types\/post"}],"author":[{"embeddable":true,"href":"https:\/\/ib-dechert.de\/index.php?rest_route=\/wp\/v2\/users\/1"}],"replies":[{"embeddable":true,"href":"https:\/\/ib-dechert.de\/index.php?rest_route=%2Fwp%2Fv2%2Fcomments&post=106"}],"version-history":[{"count":4,"href":"https:\/\/ib-dechert.de\/index.php?rest_route=\/wp\/v2\/posts\/106\/revisions"}],"predecessor-version":[{"id":117,"href":"https:\/\/ib-dechert.de\/index.php?rest_route=\/wp\/v2\/posts\/106\/revisions\/117"}],"wp:attachment":[{"href":"https:\/\/ib-dechert.de\/index.php?rest_route=%2Fwp%2Fv2%2Fmedia&parent=106"}],"wp:term":[{"taxonomy":"category","embeddable":true,"href":"https:\/\/ib-dechert.de\/index.php?rest_route=%2Fwp%2Fv2%2Fcategories&post=106"},{"taxonomy":"post_tag","embeddable":true,"href":"https:\/\/ib-dechert.de\/index.php?rest_route=%2Fwp%2Fv2%2Ftags&post=106"}],"curies":[{"name":"wp","href":"https:\/\/api.w.org\/{rel}","templated":true}]}}